{"id":1772,"date":"2025-09-18T18:50:23","date_gmt":"2025-09-18T16:50:23","guid":{"rendered":"https:\/\/www.wasserwacht-auerbach.de\/?p=1772"},"modified":"2025-09-18T18:50:23","modified_gmt":"2025-09-18T16:50:23","slug":"naturparktag-in-ebermannsdorf","status":"publish","type":"post","link":"https:\/\/www.wasserwacht-auerbach.de\/index.php\/2025\/09\/18\/naturparktag-in-ebermannsdorf\/","title":{"rendered":"Naturparktag in Ebermannsdorf"},"content":{"rendered":"\n<figure class=\"wp-block-gallery has-nested-images columns-default wp-block-gallery-1 is-layout-flex wp-block-gallery-is-layout-flex\">\n<figure class=\"wp-block-image size-large\"><img fetchpriority=\"high\" decoding=\"async\" width=\"1200\" height=\"1600\" data-id=\"1774\" src=\"https:\/\/www.wasserwacht-auerbach.de\/wp-content\/uploads\/2025\/09\/Naturparktag_2025-2.jpg\" alt=\"\" class=\"wp-image-1774\" srcset=\"https:\/\/www.wasserwacht-auerbach.de\/wp-content\/uploads\/2025\/09\/Naturparktag_2025-2.jpg 1200w, https:\/\/www.wasserwacht-auerbach.de\/wp-content\/uploads\/2025\/09\/Naturparktag_2025-2-375x500.jpg 375w, https:\/\/www.wasserwacht-auerbach.de\/wp-content\/uploads\/2025\/09\/Naturparktag_2025-2-768x1024.jpg 768w, https:\/\/www.wasserwacht-auerbach.de\/wp-content\/uploads\/2025\/09\/Naturparktag_2025-2-1152x1536.jpg 1152w\" sizes=\"(max-width: 1200px) 100vw, 1200px\" \/><\/figure>\n\n\n\n<figure class=\"wp-block-image size-large\"><img decoding=\"async\" width=\"1200\" height=\"1600\" data-id=\"1773\" src=\"https:\/\/www.wasserwacht-auerbach.de\/wp-content\/uploads\/2025\/09\/Naturparktag_2025-3.jpg\" alt=\"\" class=\"wp-image-1773\" srcset=\"https:\/\/www.wasserwacht-auerbach.de\/wp-content\/uploads\/2025\/09\/Naturparktag_2025-3.jpg 1200w, https:\/\/www.wasserwacht-auerbach.de\/wp-content\/uploads\/2025\/09\/Naturparktag_2025-3-375x500.jpg 375w, https:\/\/www.wasserwacht-auerbach.de\/wp-content\/uploads\/2025\/09\/Naturparktag_2025-3-768x1024.jpg 768w, https:\/\/www.wasserwacht-auerbach.de\/wp-content\/uploads\/2025\/09\/Naturparktag_2025-3-1152x1536.jpg 1152w\" sizes=\"(max-width: 1200px) 100vw, 1200px\" \/><\/figure>\n\n\n\n<figure class=\"wp-block-image size-large\"><img decoding=\"async\" width=\"1200\" height=\"1600\" data-id=\"1775\" src=\"https:\/\/www.wasserwacht-auerbach.de\/wp-content\/uploads\/2025\/09\/Naturparktag_2025-1.jpg\" alt=\"\" class=\"wp-image-1775\" srcset=\"https:\/\/www.wasserwacht-auerbach.de\/wp-content\/uploads\/2025\/09\/Naturparktag_2025-1.jpg 1200w, https:\/\/www.wasserwacht-auerbach.de\/wp-content\/uploads\/2025\/09\/Naturparktag_2025-1-375x500.jpg 375w, https:\/\/www.wasserwacht-auerbach.de\/wp-content\/uploads\/2025\/09\/Naturparktag_2025-1-768x1024.jpg 768w, https:\/\/www.wasserwacht-auerbach.de\/wp-content\/uploads\/2025\/09\/Naturparktag_2025-1-1152x1536.jpg 1152w\" sizes=\"(max-width: 1200px) 100vw, 1200px\" \/><\/figure>\n<\/figure>\n\n\n\n<p>Vergangenen Sonntag war unser Schminkteam beim Naturparktag in Ebermannsdorf vertreten. Das Angebot wurde von Klein und Gro\u00df gerne angenommen. \ud83d\ude09<\/p>\n\n\n\n<p>Gemeinsam mit der Wasserwacht K\u00fcmmersbruck stellten wir au\u00dferdem unsere Aufgaben im Bereich Gew\u00e4sser-, Natur- und Umweltschutz (kurz GNU) vor.<\/p>\n\n\n\n<p>Wasserwacht Auerbach,<br>Patsch Nass! \ud83d\udca6<\/p>\n\n\n\n<p><\/p>\n","protected":false},"excerpt":{"rendered":"<p>Vergangenen Sonntag war unser Schminkteam beim Naturparktag in Ebermannsdorf vertreten. Das Angebot wurde von Klein und Gro\u00df gerne angenommen. \ud83d\ude09 Gemeinsam mit der Wasserwacht K\u00fcmmersbruck stellten wir au\u00dferdem unsere Aufgaben im Bereich Gew\u00e4sser-, Natur- und Umweltschutz (kurz GNU) vor. Wasserwacht Auerbach,Patsch Nass! \ud83d\udca6<\/p>\n","protected":false},"author":3,"featured_media":0,"comment_status":"closed","ping_status":"closed","sticky":false,"template":"","format":"standard","meta":{"footnotes":""},"categories":[1],"tags":[],"class_list":["post-1772","post","type-post","status-publish","format-standard","hentry","category-ww"],"_links":{"self":[{"href":"https:\/\/www.wasserwacht-auerbach.de\/index.php\/wp-json\/wp\/v2\/posts\/1772","targetHints":{"allow":["GET"]}}],"collection":[{"href":"https:\/\/www.wasserwacht-auerbach.de\/index.php\/wp-json\/wp\/v2\/posts"}],"about":[{"href":"https:\/\/www.wasserwacht-auerbach.de\/index.php\/wp-json\/wp\/v2\/types\/post"}],"author":[{"embeddable":true,"href":"https:\/\/www.wasserwacht-auerbach.de\/index.php\/wp-json\/wp\/v2\/users\/3"}],"replies":[{"embeddable":true,"href":"https:\/\/www.wasserwacht-auerbach.de\/index.php\/wp-json\/wp\/v2\/comments?post=1772"}],"version-history":[{"count":1,"href":"https:\/\/www.wasserwacht-auerbach.de\/index.php\/wp-json\/wp\/v2\/posts\/1772\/revisions"}],"predecessor-version":[{"id":1776,"href":"https:\/\/www.wasserwacht-auerbach.de\/index.php\/wp-json\/wp\/v2\/posts\/1772\/revisions\/1776"}],"wp:attachment":[{"href":"https:\/\/www.wasserwacht-auerbach.de\/index.php\/wp-json\/wp\/v2\/media?parent=1772"}],"wp:term":[{"taxonomy":"category","embeddable":true,"href":"https:\/\/www.wasserwacht-auerbach.de\/index.php\/wp-json\/wp\/v2\/categories?post=1772"},{"taxonomy":"post_tag","embeddable":true,"href":"https:\/\/www.wasserwacht-auerbach.de\/index.php\/wp-json\/wp\/v2\/tags?post=1772"}],"curies":[{"name":"wp","href":"https:\/\/api.w.org\/{rel}","templated":true}]}}